{"id":147,"date":"2018-10-01T19:13:51","date_gmt":"2018-10-01T22:13:51","guid":{"rendered":"https:\/\/caoduzir.com\/blog\/?p=147"},"modified":"2018-12-16T10:01:56","modified_gmt":"2018-12-16T12:01:56","slug":"com-que-idade-posso-comecar-a-adestrar-meu-cao","status":"publish","type":"post","link":"https:\/\/caoduzir.com\/blog\/com-que-idade-posso-comecar-a-adestrar-meu-cao\/","title":{"rendered":"Com que idade posso come\u00e7ar a adestrar meu c\u00e3o?"},"content":{"rendered":"<p>Com que idade posso come\u00e7ar a adestrar meu c\u00e3o? Essa \u00e9 sem d\u00favida uma pergunta que todos j\u00e1 se fizeram pelo menos um vez.<\/p>\n<p>Os primeiros 60 dias de vida \u00e9 crucial que o filhote permane\u00e7a junto da m\u00e3e e dos seus irm\u00e3os, \u00e9 a fase de desmame. A partir do segundo m\u00eas, o c\u00e3ozinho j\u00e1 esta apto para ir para o novo lar. A fase do Imprinting canino vai do primeiro ao quarto m\u00eas de vida, e essa\u00a0\u00e9 a melhor \u00e9poca para introduzi-lo \u00e0s coisas que far\u00e3o parte da sua vida. Por exemplo, autom\u00f3veis, outros animais, crian\u00e7as, idosos, sons, etc. Tudo aprendido nesta fase \u00e9 permanente.<\/p>\n<p>Essa tamb\u00e9m \u00e9 a fase, em que o c\u00e3o pode adquirir alguns traumas e fobias, portanto \u00e9 importante expor o c\u00e3o a todo tipo de situa\u00e7\u00e3o. Se poss\u00edvel converse com uma adestrador para que ele possa ensinar corretamente o c\u00e3o e o tutor. Al\u00e9m de ensinar o b\u00e1sico como fazer xixi no local correto, n\u00e3o roer m\u00f3veis, barulhos etc..ensinar comandos b\u00e1sicos de obedi\u00eancia tamb\u00e9m \u00e9 muito importante, muitas pessoas pensam que os c\u00e3es ficaram como um rob\u00f4 e n\u00e3o ser\u00e3o felizes, muito pelo contr\u00e1rio, treinar a obedi\u00eancia \u00e9 um estimulo mental, al\u00e9m disso seu mascote saber\u00e1 se comportar em locais sociais.<\/p>\n<p>Portanto treinar os c\u00e3es logo nos primeiros 60 dias s\u00f3 far\u00e1 bem pra ele e para voc\u00ea.<\/p>\n<p>Bons treinos!<\/p>\n","protected":false},"excerpt":{"rendered":"<p>Com que idade posso come\u00e7ar a adestrar meu c\u00e3o? Essa \u00e9 sem d\u00favida uma pergunta que todos j\u00e1 se fizeram pelo menos um vez. Os primeiros 60 dias de vida \u00e9 crucial que o filhote permane\u00e7a junto da m\u00e3e e dos seus irm\u00e3os, \u00e9 a fase de desmame. A partir do segundo m\u00eas, o c\u00e3ozinho [&hellip;]<\/p>\n","protected":false},"author":2,"featured_media":151,"comment_status":"open","ping_status":"open","sticky":false,"template":"","format":"standard","meta":{"_monsterinsights_skip_tracking":false,"_monsterinsights_sitenote_active":false,"_monsterinsights_sitenote_note":"","_monsterinsights_sitenote_category":0,"episode_type":"","audio_file":"","podmotor_file_id":"","podmotor_episode_id":"","cover_image":"","cover_image_id":"","duration":"","filesize":"","filesize_raw":"","date_recorded":"","explicit":"","block":"","itunes_episode_number":"","itunes_title":"","itunes_season_number":"","itunes_episode_type":"","footnotes":""},"categories":[14,16],"tags":[5,3,12,19],"series":[47],"episode_featured_image":"https:\/\/caoduzir.com\/blog\/wp-content\/uploads\/2018\/10\/dogs-984015_1920.jpg","episode_player_image":"https:\/\/caoduzir.com\/blog\/wp-content\/uploads\/2021\/06\/capa.jpg","download_link":"","player_link":"","audio_player":false,"episode_data":{"playerMode":"dark","subscribeUrls":{"apple_podcasts":{"key":"apple_podcasts","url":"","label":"Apple Podcasts","class":"apple_podcasts","icon":"apple-podcasts.png"},"stitcher":{"key":"stitcher","url":"","label":"Stitcher","class":"stitcher","icon":"stitcher.png"},"google_podcasts":{"key":"google_podcasts","url":"","label":"Google Podcasts","class":"google_podcasts","icon":"google-podcasts.png"},"spotify":{"key":"spotify","url":"https:\/\/open.spotify.com\/user\/12184272443","label":"Spotify","class":"spotify","icon":"spotify.png"}},"rssFeedUrl":"https:\/\/caoduzir.com\/blog\/feed\/podcast\/caoduzir","embedCode":"<blockquote class=\"wp-embedded-content\" data-secret=\"1PH0C0FvJE\"><a href=\"https:\/\/caoduzir.com\/blog\/com-que-idade-posso-comecar-a-adestrar-meu-cao\/\">Com que idade posso come\u00e7ar a adestrar meu c\u00e3o?<\/a><\/blockquote><iframe sandbox=\"allow-scripts\" security=\"restricted\" src=\"https:\/\/caoduzir.com\/blog\/com-que-idade-posso-comecar-a-adestrar-meu-cao\/embed\/#?secret=1PH0C0FvJE\" width=\"500\" height=\"350\" title=\"&#8220;Com que idade posso come\u00e7ar a adestrar meu c\u00e3o?&#8221; &#8212; Let\u00edcia Neri\" data-secret=\"1PH0C0FvJE\" frameborder=\"0\" marginwidth=\"0\" marginheight=\"0\" scrolling=\"no\" class=\"wp-embedded-content\"><\/iframe><script type=\"text\/javascript\">\n\/* <![CDATA[ *\/\n\/*! This file is auto-generated *\/\n!function(d,l){\"use strict\";l.querySelector&&d.addEventListener&&\"undefined\"!=typeof URL&&(d.wp=d.wp||{},d.wp.receiveEmbedMessage||(d.wp.receiveEmbedMessage=function(e){var t=e.data;if((t||t.secret||t.message||t.value)&&!\/[^a-zA-Z0-9]\/.test(t.secret)){for(var s,r,n,a=l.querySelectorAll('iframe[data-secret=\"'+t.secret+'\"]'),o=l.querySelectorAll('blockquote[data-secret=\"'+t.secret+'\"]'),c=new RegExp(\"^https?:$\",\"i\"),i=0;i<o.length;i++)o[i].style.display=\"none\";for(i=0;i<a.length;i++)s=a[i],e.source===s.contentWindow&&(s.removeAttribute(\"style\"),\"height\"===t.message?(1e3<(r=parseInt(t.value,10))?r=1e3:~~r<200&&(r=200),s.height=r):\"link\"===t.message&&(r=new URL(s.getAttribute(\"src\")),n=new URL(t.value),c.test(n.protocol))&&n.host===r.host&&l.activeElement===s&&(d.top.location.href=t.value))}},d.addEventListener(\"message\",d.wp.receiveEmbedMessage,!1),l.addEventListener(\"DOMContentLoaded\",function(){for(var e,t,s=l.querySelectorAll(\"iframe.wp-embedded-content\"),r=0;r<s.length;r++)(t=(e=s[r]).getAttribute(\"data-secret\"))||(t=Math.random().toString(36).substring(2,12),e.src+=\"#?secret=\"+t,e.setAttribute(\"data-secret\",t)),e.contentWindow.postMessage({message:\"ready\",secret:t},\"*\")},!1)))}(window,document);\n\/* ]]> *\/\n<\/script>\n"},"yoast_head":"<!-- This site is optimized with the Yoast SEO plugin v22.3 - https:\/\/yoast.com\/wordpress\/plugins\/seo\/ -->\n<title>Com que idade posso come\u00e7ar a adestrar meu c\u00e3o? | Let\u00edcia Neri<\/title>\n<meta name=\"description\" content=\"O erro que a maioria das pessoas cometem \u00e9 deixar pra se preocupar com a educa\u00e7\u00e3o dos seu c\u00e3es depois que os problemas surgem, ensine desde filhote, saiba mais...\" \/>\n<meta name=\"robots\" content=\"index, follow, max-snippet:-1, max-image-preview:large, max-video-preview:-1\" \/>\n<link rel=\"canonical\" href=\"https:\/\/caoduzir.com\/blog\/com-que-idade-posso-comecar-a-adestrar-meu-cao\/\" \/>\n<meta property=\"og:locale\" content=\"pt_BR\" \/>\n<meta property=\"og:type\" content=\"article\" \/>\n<meta property=\"og:title\" content=\"Com que idade posso come\u00e7ar a adestrar meu c\u00e3o? | Let\u00edcia Neri\" \/>\n<meta property=\"og:description\" content=\"O erro que a maioria das pessoas cometem \u00e9 deixar pra se preocupar com a educa\u00e7\u00e3o dos seu c\u00e3es depois que os problemas surgem, ensine desde filhote, saiba mais...\" \/>\n<meta property=\"og:url\" content=\"https:\/\/caoduzir.com\/blog\/com-que-idade-posso-comecar-a-adestrar-meu-cao\/\" \/>\n<meta property=\"og:site_name\" content=\"Let\u00edcia Neri\" \/>\n<meta property=\"article:publisher\" content=\"https:\/\/www.facebook.com\/Caoduzir\/\" \/>\n<meta property=\"article:published_time\" content=\"2018-10-01T22:13:51+00:00\" \/>\n<meta property=\"article:modified_time\" content=\"2018-12-16T12:01:56+00:00\" \/>\n<meta property=\"og:image\" content=\"https:\/\/caoduzir.com\/blog\/wp-content\/uploads\/2018\/10\/dogs-984015_1920.jpg\" \/>\n\t<meta property=\"og:image:width\" content=\"1920\" \/>\n\t<meta property=\"og:image:height\" content=\"1200\" \/>\n\t<meta property=\"og:image:type\" content=\"image\/jpeg\" \/>\n<meta name=\"author\" content=\"leticia neri\" \/>\n<meta name=\"twitter:card\" content=\"summary_large_image\" \/>\n<meta name=\"twitter:label1\" content=\"Escrito por\" \/>\n\t<meta name=\"twitter:data1\" content=\"leticia neri\" \/>\n\t<meta name=\"twitter:label2\" content=\"Est. tempo de leitura\" \/>\n\t<meta name=\"twitter:data2\" content=\"1 minuto\" \/>\n<script type=\"application\/ld+json\" class=\"yoast-schema-graph\">{\"@context\":\"https:\/\/schema.org\",\"@graph\":[{\"@type\":\"Article\",\"@id\":\"https:\/\/caoduzir.com\/blog\/com-que-idade-posso-comecar-a-adestrar-meu-cao\/#article\",\"isPartOf\":{\"@id\":\"https:\/\/caoduzir.com\/blog\/com-que-idade-posso-comecar-a-adestrar-meu-cao\/\"},\"author\":{\"name\":\"leticia neri\",\"@id\":\"https:\/\/caoduzir.com\/blog\/#\/schema\/person\/c6ed5dd9ebac51631df6160c51320e49\"},\"headline\":\"Com que idade posso come\u00e7ar a adestrar meu c\u00e3o?\",\"datePublished\":\"2018-10-01T22:13:51+00:00\",\"dateModified\":\"2018-12-16T12:01:56+00:00\",\"mainEntityOfPage\":{\"@id\":\"https:\/\/caoduzir.com\/blog\/com-que-idade-posso-comecar-a-adestrar-meu-cao\/\"},\"wordCount\":261,\"commentCount\":0,\"publisher\":{\"@id\":\"https:\/\/caoduzir.com\/blog\/#organization\"},\"image\":{\"@id\":\"https:\/\/caoduzir.com\/blog\/com-que-idade-posso-comecar-a-adestrar-meu-cao\/#primaryimage\"},\"thumbnailUrl\":\"https:\/\/caoduzir.com\/blog\/wp-content\/uploads\/2018\/10\/dogs-984015_1920.jpg\",\"keywords\":[\"adestramento\",\"cachorro\",\"educa\u00e7\u00e3o canina\",\"pets\"],\"articleSection\":[\"Comportamento\",\"Curiosidades\"],\"inLanguage\":\"pt-BR\",\"potentialAction\":[{\"@type\":\"CommentAction\",\"name\":\"Comment\",\"target\":[\"https:\/\/caoduzir.com\/blog\/com-que-idade-posso-comecar-a-adestrar-meu-cao\/#respond\"]}]},{\"@type\":\"WebPage\",\"@id\":\"https:\/\/caoduzir.com\/blog\/com-que-idade-posso-comecar-a-adestrar-meu-cao\/\",\"url\":\"https:\/\/caoduzir.com\/blog\/com-que-idade-posso-comecar-a-adestrar-meu-cao\/\",\"name\":\"Com que idade posso come\u00e7ar a adestrar meu c\u00e3o? | Let\u00edcia Neri\",\"isPartOf\":{\"@id\":\"https:\/\/caoduzir.com\/blog\/#website\"},\"primaryImageOfPage\":{\"@id\":\"https:\/\/caoduzir.com\/blog\/com-que-idade-posso-comecar-a-adestrar-meu-cao\/#primaryimage\"},\"image\":{\"@id\":\"https:\/\/caoduzir.com\/blog\/com-que-idade-posso-comecar-a-adestrar-meu-cao\/#primaryimage\"},\"thumbnailUrl\":\"https:\/\/caoduzir.com\/blog\/wp-content\/uploads\/2018\/10\/dogs-984015_1920.jpg\",\"datePublished\":\"2018-10-01T22:13:51+00:00\",\"dateModified\":\"2018-12-16T12:01:56+00:00\",\"description\":\"O erro que a maioria das pessoas cometem \u00e9 deixar pra se preocupar com a educa\u00e7\u00e3o dos seu c\u00e3es depois que os problemas surgem, ensine desde filhote, saiba mais...\",\"breadcrumb\":{\"@id\":\"https:\/\/caoduzir.com\/blog\/com-que-idade-posso-comecar-a-adestrar-meu-cao\/#breadcrumb\"},\"inLanguage\":\"pt-BR\",\"potentialAction\":[{\"@type\":\"ReadAction\",\"target\":[\"https:\/\/caoduzir.com\/blog\/com-que-idade-posso-comecar-a-adestrar-meu-cao\/\"]}]},{\"@type\":\"ImageObject\",\"inLanguage\":\"pt-BR\",\"@id\":\"https:\/\/caoduzir.com\/blog\/com-que-idade-posso-comecar-a-adestrar-meu-cao\/#primaryimage\",\"url\":\"https:\/\/caoduzir.com\/blog\/wp-content\/uploads\/2018\/10\/dogs-984015_1920.jpg\",\"contentUrl\":\"https:\/\/caoduzir.com\/blog\/wp-content\/uploads\/2018\/10\/dogs-984015_1920.jpg\",\"width\":1920,\"height\":1200,\"caption\":\"Filhotes\"},{\"@type\":\"BreadcrumbList\",\"@id\":\"https:\/\/caoduzir.com\/blog\/com-que-idade-posso-comecar-a-adestrar-meu-cao\/#breadcrumb\",\"itemListElement\":[{\"@type\":\"ListItem\",\"position\":1,\"name\":\"In\u00edcio\",\"item\":\"https:\/\/caoduzir.com\/blog\/\"},{\"@type\":\"ListItem\",\"position\":2,\"name\":\"Comportamento\",\"item\":\"https:\/\/caoduzir.com\/blog\/category\/comportamento\/\"},{\"@type\":\"ListItem\",\"position\":3,\"name\":\"Com que idade posso come\u00e7ar a adestrar meu c\u00e3o?\"}]},{\"@type\":\"WebSite\",\"@id\":\"https:\/\/caoduzir.com\/blog\/#website\",\"url\":\"https:\/\/caoduzir.com\/blog\/\",\"name\":\"Let\u00edcia Neri\",\"description\":\"Let\u00edcia Neri Adestradora de c\u00e3es\",\"publisher\":{\"@id\":\"https:\/\/caoduzir.com\/blog\/#organization\"},\"potentialAction\":[{\"@type\":\"SearchAction\",\"target\":{\"@type\":\"EntryPoint\",\"urlTemplate\":\"https:\/\/caoduzir.com\/blog\/?s={search_term_string}\"},\"query-input\":\"required name=search_term_string\"}],\"inLanguage\":\"pt-BR\"},{\"@type\":\"Organization\",\"@id\":\"https:\/\/caoduzir.com\/blog\/#organization\",\"name\":\"Caoduzir\",\"url\":\"https:\/\/caoduzir.com\/blog\/\",\"logo\":{\"@type\":\"ImageObject\",\"inLanguage\":\"pt-BR\",\"@id\":\"https:\/\/caoduzir.com\/blog\/#\/schema\/logo\/image\/\",\"url\":\"https:\/\/caoduzir.com\/blog\/wp-content\/uploads\/2017\/09\/logo.png\",\"contentUrl\":\"https:\/\/caoduzir.com\/blog\/wp-content\/uploads\/2017\/09\/logo.png\",\"width\":103,\"height\":70,\"caption\":\"Caoduzir\"},\"image\":{\"@id\":\"https:\/\/caoduzir.com\/blog\/#\/schema\/logo\/image\/\"},\"sameAs\":[\"https:\/\/www.facebook.com\/Caoduzir\/\",\"https:\/\/www.instagram.com\/caoduzir\/\",\"https:\/\/www.youtube.com\/channel\/UCiYwm1-aWPVA9w5tYTR2Npw\"]},{\"@type\":\"Person\",\"@id\":\"https:\/\/caoduzir.com\/blog\/#\/schema\/person\/c6ed5dd9ebac51631df6160c51320e49\",\"name\":\"leticia neri\",\"image\":{\"@type\":\"ImageObject\",\"inLanguage\":\"pt-BR\",\"@id\":\"https:\/\/caoduzir.com\/blog\/#\/schema\/person\/image\/\",\"url\":\"https:\/\/secure.gravatar.com\/avatar\/3176f9806c5ca06d710e7efa36aa47d4?s=96&d=mm&r=g\",\"contentUrl\":\"https:\/\/secure.gravatar.com\/avatar\/3176f9806c5ca06d710e7efa36aa47d4?s=96&d=mm&r=g\",\"caption\":\"leticia neri\"},\"sameAs\":[\"https:\/\/caoduzir.com.br\"],\"url\":\"https:\/\/caoduzir.com\/blog\/author\/lets\/\"}]}<\/script>\n<!-- \/ Yoast SEO plugin. -->","yoast_head_json":{"title":"Com que idade posso come\u00e7ar a adestrar meu c\u00e3o? | Let\u00edcia Neri","description":"O erro que a maioria das pessoas cometem \u00e9 deixar pra se preocupar com a educa\u00e7\u00e3o dos seu c\u00e3es depois que os problemas surgem, ensine desde filhote, saiba mais...","robots":{"index":"index","follow":"follow","max-snippet":"max-snippet:-1","max-image-preview":"max-image-preview:large","max-video-preview":"max-video-preview:-1"},"canonical":"https:\/\/caoduzir.com\/blog\/com-que-idade-posso-comecar-a-adestrar-meu-cao\/","og_locale":"pt_BR","og_type":"article","og_title":"Com que idade posso come\u00e7ar a adestrar meu c\u00e3o? | Let\u00edcia Neri","og_description":"O erro que a maioria das pessoas cometem \u00e9 deixar pra se preocupar com a educa\u00e7\u00e3o dos seu c\u00e3es depois que os problemas surgem, ensine desde filhote, saiba mais...","og_url":"https:\/\/caoduzir.com\/blog\/com-que-idade-posso-comecar-a-adestrar-meu-cao\/","og_site_name":"Let\u00edcia Neri","article_publisher":"https:\/\/www.facebook.com\/Caoduzir\/","article_published_time":"2018-10-01T22:13:51+00:00","article_modified_time":"2018-12-16T12:01:56+00:00","og_image":[{"width":1920,"height":1200,"url":"https:\/\/caoduzir.com\/blog\/wp-content\/uploads\/2018\/10\/dogs-984015_1920.jpg","type":"image\/jpeg"}],"author":"leticia neri","twitter_card":"summary_large_image","twitter_misc":{"Escrito por":"leticia neri","Est. tempo de leitura":"1 minuto"},"schema":{"@context":"https:\/\/schema.org","@graph":[{"@type":"Article","@id":"https:\/\/caoduzir.com\/blog\/com-que-idade-posso-comecar-a-adestrar-meu-cao\/#article","isPartOf":{"@id":"https:\/\/caoduzir.com\/blog\/com-que-idade-posso-comecar-a-adestrar-meu-cao\/"},"author":{"name":"leticia neri","@id":"https:\/\/caoduzir.com\/blog\/#\/schema\/person\/c6ed5dd9ebac51631df6160c51320e49"},"headline":"Com que idade posso come\u00e7ar a adestrar meu c\u00e3o?","datePublished":"2018-10-01T22:13:51+00:00","dateModified":"2018-12-16T12:01:56+00:00","mainEntityOfPage":{"@id":"https:\/\/caoduzir.com\/blog\/com-que-idade-posso-comecar-a-adestrar-meu-cao\/"},"wordCount":261,"commentCount":0,"publisher":{"@id":"https:\/\/caoduzir.com\/blog\/#organization"},"image":{"@id":"https:\/\/caoduzir.com\/blog\/com-que-idade-posso-comecar-a-adestrar-meu-cao\/#primaryimage"},"thumbnailUrl":"https:\/\/caoduzir.com\/blog\/wp-content\/uploads\/2018\/10\/dogs-984015_1920.jpg","keywords":["adestramento","cachorro","educa\u00e7\u00e3o canina","pets"],"articleSection":["Comportamento","Curiosidades"],"inLanguage":"pt-BR","potentialAction":[{"@type":"CommentAction","name":"Comment","target":["https:\/\/caoduzir.com\/blog\/com-que-idade-posso-comecar-a-adestrar-meu-cao\/#respond"]}]},{"@type":"WebPage","@id":"https:\/\/caoduzir.com\/blog\/com-que-idade-posso-comecar-a-adestrar-meu-cao\/","url":"https:\/\/caoduzir.com\/blog\/com-que-idade-posso-comecar-a-adestrar-meu-cao\/","name":"Com que idade posso come\u00e7ar a adestrar meu c\u00e3o? | Let\u00edcia Neri","isPartOf":{"@id":"https:\/\/caoduzir.com\/blog\/#website"},"primaryImageOfPage":{"@id":"https:\/\/caoduzir.com\/blog\/com-que-idade-posso-comecar-a-adestrar-meu-cao\/#primaryimage"},"image":{"@id":"https:\/\/caoduzir.com\/blog\/com-que-idade-posso-comecar-a-adestrar-meu-cao\/#primaryimage"},"thumbnailUrl":"https:\/\/caoduzir.com\/blog\/wp-content\/uploads\/2018\/10\/dogs-984015_1920.jpg","datePublished":"2018-10-01T22:13:51+00:00","dateModified":"2018-12-16T12:01:56+00:00","description":"O erro que a maioria das pessoas cometem \u00e9 deixar pra se preocupar com a educa\u00e7\u00e3o dos seu c\u00e3es depois que os problemas surgem, ensine desde filhote, saiba mais...","breadcrumb":{"@id":"https:\/\/caoduzir.com\/blog\/com-que-idade-posso-comecar-a-adestrar-meu-cao\/#breadcrumb"},"inLanguage":"pt-BR","potentialAction":[{"@type":"ReadAction","target":["https:\/\/caoduzir.com\/blog\/com-que-idade-posso-comecar-a-adestrar-meu-cao\/"]}]},{"@type":"ImageObject","inLanguage":"pt-BR","@id":"https:\/\/caoduzir.com\/blog\/com-que-idade-posso-comecar-a-adestrar-meu-cao\/#primaryimage","url":"https:\/\/caoduzir.com\/blog\/wp-content\/uploads\/2018\/10\/dogs-984015_1920.jpg","contentUrl":"https:\/\/caoduzir.com\/blog\/wp-content\/uploads\/2018\/10\/dogs-984015_1920.jpg","width":1920,"height":1200,"caption":"Filhotes"},{"@type":"BreadcrumbList","@id":"https:\/\/caoduzir.com\/blog\/com-que-idade-posso-comecar-a-adestrar-meu-cao\/#breadcrumb","itemListElement":[{"@type":"ListItem","position":1,"name":"In\u00edcio","item":"https:\/\/caoduzir.com\/blog\/"},{"@type":"ListItem","position":2,"name":"Comportamento","item":"https:\/\/caoduzir.com\/blog\/category\/comportamento\/"},{"@type":"ListItem","position":3,"name":"Com que idade posso come\u00e7ar a adestrar meu c\u00e3o?"}]},{"@type":"WebSite","@id":"https:\/\/caoduzir.com\/blog\/#website","url":"https:\/\/caoduzir.com\/blog\/","name":"Let\u00edcia Neri","description":"Let\u00edcia Neri Adestradora de c\u00e3es","publisher":{"@id":"https:\/\/caoduzir.com\/blog\/#organization"},"potentialAction":[{"@type":"SearchAction","target":{"@type":"EntryPoint","urlTemplate":"https:\/\/caoduzir.com\/blog\/?s={search_term_string}"},"query-input":"required name=search_term_string"}],"inLanguage":"pt-BR"},{"@type":"Organization","@id":"https:\/\/caoduzir.com\/blog\/#organization","name":"Caoduzir","url":"https:\/\/caoduzir.com\/blog\/","logo":{"@type":"ImageObject","inLanguage":"pt-BR","@id":"https:\/\/caoduzir.com\/blog\/#\/schema\/logo\/image\/","url":"https:\/\/caoduzir.com\/blog\/wp-content\/uploads\/2017\/09\/logo.png","contentUrl":"https:\/\/caoduzir.com\/blog\/wp-content\/uploads\/2017\/09\/logo.png","width":103,"height":70,"caption":"Caoduzir"},"image":{"@id":"https:\/\/caoduzir.com\/blog\/#\/schema\/logo\/image\/"},"sameAs":["https:\/\/www.facebook.com\/Caoduzir\/","https:\/\/www.instagram.com\/caoduzir\/","https:\/\/www.youtube.com\/channel\/UCiYwm1-aWPVA9w5tYTR2Npw"]},{"@type":"Person","@id":"https:\/\/caoduzir.com\/blog\/#\/schema\/person\/c6ed5dd9ebac51631df6160c51320e49","name":"leticia neri","image":{"@type":"ImageObject","inLanguage":"pt-BR","@id":"https:\/\/caoduzir.com\/blog\/#\/schema\/person\/image\/","url":"https:\/\/secure.gravatar.com\/avatar\/3176f9806c5ca06d710e7efa36aa47d4?s=96&d=mm&r=g","contentUrl":"https:\/\/secure.gravatar.com\/avatar\/3176f9806c5ca06d710e7efa36aa47d4?s=96&d=mm&r=g","caption":"leticia neri"},"sameAs":["https:\/\/caoduzir.com.br"],"url":"https:\/\/caoduzir.com\/blog\/author\/lets\/"}]}},"_links":{"self":[{"href":"https:\/\/caoduzir.com\/blog\/wp-json\/wp\/v2\/posts\/147"}],"collection":[{"href":"https:\/\/caoduzir.com\/blog\/wp-json\/wp\/v2\/posts"}],"about":[{"href":"https:\/\/caoduzir.com\/blog\/wp-json\/wp\/v2\/types\/post"}],"author":[{"embeddable":true,"href":"https:\/\/caoduzir.com\/blog\/wp-json\/wp\/v2\/users\/2"}],"replies":[{"embeddable":true,"href":"https:\/\/caoduzir.com\/blog\/wp-json\/wp\/v2\/comments?post=147"}],"version-history":[{"count":8,"href":"https:\/\/caoduzir.com\/blog\/wp-json\/wp\/v2\/posts\/147\/revisions"}],"predecessor-version":[{"id":246,"href":"https:\/\/caoduzir.com\/blog\/wp-json\/wp\/v2\/posts\/147\/revisions\/246"}],"wp:featuredmedia":[{"embeddable":true,"href":"https:\/\/caoduzir.com\/blog\/wp-json\/wp\/v2\/media\/151"}],"wp:attachment":[{"href":"https:\/\/caoduzir.com\/blog\/wp-json\/wp\/v2\/media?parent=147"}],"wp:term":[{"taxonomy":"category","embeddable":true,"href":"https:\/\/caoduzir.com\/blog\/wp-json\/wp\/v2\/categories?post=147"},{"taxonomy":"post_tag","embeddable":true,"href":"https:\/\/caoduzir.com\/blog\/wp-json\/wp\/v2\/tags?post=147"},{"taxonomy":"series","embeddable":true,"href":"https:\/\/caoduzir.com\/blog\/wp-json\/wp\/v2\/series?post=147"}],"curies":[{"name":"wp","href":"https:\/\/api.w.org\/{rel}","templated":true}]}}