{"id":212,"date":"2018-12-07T19:19:53","date_gmt":"2018-12-07T21:19:53","guid":{"rendered":"https:\/\/caoduzir.com\/blog\/?p=212"},"modified":"2018-12-14T16:15:21","modified_gmt":"2018-12-14T18:15:21","slug":"cuidados-com-os-caes-no-verao","status":"publish","type":"post","link":"https:\/\/caoduzir.com\/blog\/cuidados-com-os-caes-no-verao\/","title":{"rendered":"Que cuidados devemos ter com os c\u00e3es no ver\u00e3o?"},"content":{"rendered":"<p>Que cuidados devemos ter com os c\u00e3es no ver\u00e3o? Oferecer mais \u00e1gua e evitar de passear com ele sob sol quente s\u00e3o regras b\u00e1sicas que todos j\u00e1 devem saber. Mas existem outros cuidados que s\u00e3o importantes para voc\u00ea observar com rela\u00e7\u00e3o ao seu mascote.<\/p>\n<h4>Segue abaixo algumas dicas:<\/h4>\n<ul>\n<li>C\u00e3es saud\u00e1veis bebem em media de 40 a 60 ml de \u00e1gua por kg de peso. Sabendo disso deixe bastante \u00e1gua para seu cachorro.<\/li>\n<li>Coloque sua m\u00e3o no asfalto e se voc\u00ea aguentar uns minutos provavelmente seu c\u00e3o ira aguentar o passeio tamb\u00e9m, pois eles queimam as almofadinhas das patas com facilidade.<\/li>\n<li>Se voc\u00ea \u00e9 do tipo que gosta e preza pela higiene e costuma usar sapatinhos nos c\u00e3es ,deixe essa pratica para os dias frios. Os c\u00e3es trocam a temperatura tamb\u00e9m pelas patas assim como pela l\u00edngua ent\u00e3o, abafar essa \u00e1rea nos dias quentes\u00a0 provavelmente ele ter\u00e1 uma hipertermia (aumento brusco na temperatura corporal).<\/li>\n<li>C\u00e3es clarinhos devem fazer uso de protetor solar de uso veterin\u00e1rio nas regi\u00f5es do focinho, ao redor dos olhos e orelhas.<\/li>\n<li>A frequ\u00eancia dos banhos tamb\u00e9m deve ser observada. Apesar de ser calor evite dar banhos em excesso pois isso tira a gordura natural protetora da pele, ficando mais propensos a problemas de pele como fungos e alergias, devido ao uso de shampoo, sab\u00e3o e perfumes.<\/li>\n<li>A tosa deve ser baixinha para facilitar a identifica\u00e7\u00e3o de parasitas comuns nessa \u00e9poca do ano como pulgas e carrapatos.<\/li>\n<li>Ofere\u00e7a frutinhas congeladas e cubos de gelo na \u00e1gua. Voc\u00ea pode usar a criatividade congelando frutas que eles gostam e podem comer e oferecer entre as refei\u00e7\u00f5es.<\/li>\n<li>Nunca deixe seu c\u00e3o no carro, nem que seja por uns minutinhos. Os componentes internos dos carros liberam uma substancia chamada benzeno muito prejudicial. Essa subst\u00e2ncia \u00e9 liberada normalmente em qualquer temperatura, mas no calor libera ainda mais. Portanto, deixe as portas e janelas do carro abertas antes de entrar.<\/li>\n<\/ul>\n<p>Consulte sempre um veterin\u00e1rio para saber qual o melhor protetor solar, assim como quais as frutas seus bichanos podem comer.<\/p>\n<p>Bons treinos!<\/p>\n","protected":false},"excerpt":{"rendered":"<p>Que cuidados devemos ter com os c\u00e3es no ver\u00e3o? Oferecer mais \u00e1gua e evitar de passear com ele sob sol quente s\u00e3o regras b\u00e1sicas que todos j\u00e1 devem saber. Mas existem outros cuidados que s\u00e3o importantes para voc\u00ea observar com rela\u00e7\u00e3o ao seu mascote. Segue abaixo algumas dicas: C\u00e3es saud\u00e1veis bebem em media de 40 [&hellip;]<\/p>\n","protected":false},"author":2,"featured_media":214,"comment_status":"open","ping_status":"open","sticky":false,"template":"","format":"standard","meta":{"_monsterinsights_skip_tracking":false,"_monsterinsights_sitenote_active":false,"_monsterinsights_sitenote_note":"","_monsterinsights_sitenote_category":0,"episode_type":"","audio_file":"","podmotor_file_id":"","podmotor_episode_id":"","cover_image":"","cover_image_id":"","duration":"","filesize":"","filesize_raw":"","date_recorded":"","explicit":"","block":"","itunes_episode_number":"","itunes_title":"","itunes_season_number":"","itunes_episode_type":"","footnotes":""},"categories":[14,16,15],"tags":[5,21,3,4,6,29,20,19,28],"series":[47],"episode_featured_image":"https:\/\/caoduzir.com\/blog\/wp-content\/uploads\/2018\/12\/beach-1790049_1920.jpg","episode_player_image":"https:\/\/caoduzir.com\/blog\/wp-content\/uploads\/2021\/06\/capa.jpg","download_link":"","player_link":"","audio_player":false,"episode_data":{"playerMode":"dark","subscribeUrls":{"apple_podcasts":{"key":"apple_podcasts","url":"","label":"Apple Podcasts","class":"apple_podcasts","icon":"apple-podcasts.png"},"stitcher":{"key":"stitcher","url":"","label":"Stitcher","class":"stitcher","icon":"stitcher.png"},"google_podcasts":{"key":"google_podcasts","url":"","label":"Google Podcasts","class":"google_podcasts","icon":"google-podcasts.png"},"spotify":{"key":"spotify","url":"https:\/\/open.spotify.com\/user\/12184272443","label":"Spotify","class":"spotify","icon":"spotify.png"}},"rssFeedUrl":"https:\/\/caoduzir.com\/blog\/feed\/podcast\/caoduzir","embedCode":"<blockquote class=\"wp-embedded-content\" data-secret=\"dhRwIePZNW\"><a href=\"https:\/\/caoduzir.com\/blog\/cuidados-com-os-caes-no-verao\/\">Que cuidados devemos ter com os c\u00e3es no ver\u00e3o?<\/a><\/blockquote><iframe sandbox=\"allow-scripts\" security=\"restricted\" src=\"https:\/\/caoduzir.com\/blog\/cuidados-com-os-caes-no-verao\/embed\/#?secret=dhRwIePZNW\" width=\"500\" height=\"350\" title=\"&#8220;Que cuidados devemos ter com os c\u00e3es no ver\u00e3o?&#8221; &#8212; Let\u00edcia Neri\" data-secret=\"dhRwIePZNW\" frameborder=\"0\" marginwidth=\"0\" marginheight=\"0\" scrolling=\"no\" class=\"wp-embedded-content\"><\/iframe><script type=\"text\/javascript\">\n\/* <![CDATA[ *\/\n\/*! This file is auto-generated *\/\n!function(d,l){\"use strict\";l.querySelector&&d.addEventListener&&\"undefined\"!=typeof URL&&(d.wp=d.wp||{},d.wp.receiveEmbedMessage||(d.wp.receiveEmbedMessage=function(e){var t=e.data;if((t||t.secret||t.message||t.value)&&!\/[^a-zA-Z0-9]\/.test(t.secret)){for(var s,r,n,a=l.querySelectorAll('iframe[data-secret=\"'+t.secret+'\"]'),o=l.querySelectorAll('blockquote[data-secret=\"'+t.secret+'\"]'),c=new RegExp(\"^https?:$\",\"i\"),i=0;i<o.length;i++)o[i].style.display=\"none\";for(i=0;i<a.length;i++)s=a[i],e.source===s.contentWindow&&(s.removeAttribute(\"style\"),\"height\"===t.message?(1e3<(r=parseInt(t.value,10))?r=1e3:~~r<200&&(r=200),s.height=r):\"link\"===t.message&&(r=new URL(s.getAttribute(\"src\")),n=new URL(t.value),c.test(n.protocol))&&n.host===r.host&&l.activeElement===s&&(d.top.location.href=t.value))}},d.addEventListener(\"message\",d.wp.receiveEmbedMessage,!1),l.addEventListener(\"DOMContentLoaded\",function(){for(var e,t,s=l.querySelectorAll(\"iframe.wp-embedded-content\"),r=0;r<s.length;r++)(t=(e=s[r]).getAttribute(\"data-secret\"))||(t=Math.random().toString(36).substring(2,12),e.src+=\"#?secret=\"+t,e.setAttribute(\"data-secret\",t)),e.contentWindow.postMessage({message:\"ready\",secret:t},\"*\")},!1)))}(window,document);\n\/* ]]> *\/\n<\/script>\n"},"yoast_head":"<!-- This site is optimized with the Yoast SEO plugin v22.3 - https:\/\/yoast.com\/wordpress\/plugins\/seo\/ -->\n<title>Que cuidados devemos ter com os c\u00e3es no ver\u00e3o? | Let\u00edcia Neri<\/title>\n<meta name=\"robots\" content=\"index, follow, max-snippet:-1, max-image-preview:large, max-video-preview:-1\" \/>\n<link rel=\"canonical\" href=\"https:\/\/caoduzir.com\/blog\/cuidados-com-os-caes-no-verao\/\" \/>\n<meta property=\"og:locale\" content=\"pt_BR\" \/>\n<meta property=\"og:type\" content=\"article\" \/>\n<meta property=\"og:title\" content=\"Que cuidados devemos ter com os c\u00e3es no ver\u00e3o? | Let\u00edcia Neri\" \/>\n<meta property=\"og:description\" content=\"Que cuidados devemos ter com os c\u00e3es no ver\u00e3o? Oferecer mais \u00e1gua e evitar de passear com ele sob sol quente s\u00e3o regras b\u00e1sicas que todos j\u00e1 devem saber. Mas existem outros cuidados que s\u00e3o importantes para voc\u00ea observar com rela\u00e7\u00e3o ao seu mascote. Segue abaixo algumas dicas: C\u00e3es saud\u00e1veis bebem em media de 40 [&hellip;]\" \/>\n<meta property=\"og:url\" content=\"https:\/\/caoduzir.com\/blog\/cuidados-com-os-caes-no-verao\/\" \/>\n<meta property=\"og:site_name\" content=\"Let\u00edcia Neri\" \/>\n<meta property=\"article:publisher\" content=\"https:\/\/www.facebook.com\/Caoduzir\/\" \/>\n<meta property=\"article:published_time\" content=\"2018-12-07T21:19:53+00:00\" \/>\n<meta property=\"article:modified_time\" content=\"2018-12-14T18:15:21+00:00\" \/>\n<meta property=\"og:image\" content=\"https:\/\/caoduzir.com\/blog\/wp-content\/uploads\/2018\/12\/beach-1790049_1920.jpg\" \/>\n\t<meta property=\"og:image:width\" content=\"1920\" \/>\n\t<meta property=\"og:image:height\" content=\"1279\" \/>\n\t<meta property=\"og:image:type\" content=\"image\/jpeg\" \/>\n<meta name=\"author\" content=\"leticia neri\" \/>\n<meta name=\"twitter:card\" content=\"summary_large_image\" \/>\n<meta name=\"twitter:label1\" content=\"Escrito por\" \/>\n\t<meta name=\"twitter:data1\" content=\"leticia neri\" \/>\n\t<meta name=\"twitter:label2\" content=\"Est. tempo de leitura\" \/>\n\t<meta name=\"twitter:data2\" content=\"2 minutos\" \/>\n<script type=\"application\/ld+json\" class=\"yoast-schema-graph\">{\"@context\":\"https:\/\/schema.org\",\"@graph\":[{\"@type\":\"Article\",\"@id\":\"https:\/\/caoduzir.com\/blog\/cuidados-com-os-caes-no-verao\/#article\",\"isPartOf\":{\"@id\":\"https:\/\/caoduzir.com\/blog\/cuidados-com-os-caes-no-verao\/\"},\"author\":{\"name\":\"leticia neri\",\"@id\":\"https:\/\/caoduzir.com\/blog\/#\/schema\/person\/c6ed5dd9ebac51631df6160c51320e49\"},\"headline\":\"Que cuidados devemos ter com os c\u00e3es no ver\u00e3o?\",\"datePublished\":\"2018-12-07T21:19:53+00:00\",\"dateModified\":\"2018-12-14T18:15:21+00:00\",\"mainEntityOfPage\":{\"@id\":\"https:\/\/caoduzir.com\/blog\/cuidados-com-os-caes-no-verao\/\"},\"wordCount\":373,\"commentCount\":0,\"publisher\":{\"@id\":\"https:\/\/caoduzir.com\/blog\/#organization\"},\"image\":{\"@id\":\"https:\/\/caoduzir.com\/blog\/cuidados-com-os-caes-no-verao\/#primaryimage\"},\"thumbnailUrl\":\"https:\/\/caoduzir.com\/blog\/wp-content\/uploads\/2018\/12\/beach-1790049_1920.jpg\",\"keywords\":[\"adestramento\",\"animal\",\"cachorro\",\"caes\",\"comportamento canino\",\"cuidados\",\"dicas\",\"pets\",\"ver\u00e3o\"],\"articleSection\":[\"Comportamento\",\"Curiosidades\",\"Sa\u00fade e Bem Estar\"],\"inLanguage\":\"pt-BR\",\"potentialAction\":[{\"@type\":\"CommentAction\",\"name\":\"Comment\",\"target\":[\"https:\/\/caoduzir.com\/blog\/cuidados-com-os-caes-no-verao\/#respond\"]}]},{\"@type\":\"WebPage\",\"@id\":\"https:\/\/caoduzir.com\/blog\/cuidados-com-os-caes-no-verao\/\",\"url\":\"https:\/\/caoduzir.com\/blog\/cuidados-com-os-caes-no-verao\/\",\"name\":\"Que cuidados devemos ter com os c\u00e3es no ver\u00e3o? | Let\u00edcia Neri\",\"isPartOf\":{\"@id\":\"https:\/\/caoduzir.com\/blog\/#website\"},\"primaryImageOfPage\":{\"@id\":\"https:\/\/caoduzir.com\/blog\/cuidados-com-os-caes-no-verao\/#primaryimage\"},\"image\":{\"@id\":\"https:\/\/caoduzir.com\/blog\/cuidados-com-os-caes-no-verao\/#primaryimage\"},\"thumbnailUrl\":\"https:\/\/caoduzir.com\/blog\/wp-content\/uploads\/2018\/12\/beach-1790049_1920.jpg\",\"datePublished\":\"2018-12-07T21:19:53+00:00\",\"dateModified\":\"2018-12-14T18:15:21+00:00\",\"breadcrumb\":{\"@id\":\"https:\/\/caoduzir.com\/blog\/cuidados-com-os-caes-no-verao\/#breadcrumb\"},\"inLanguage\":\"pt-BR\",\"potentialAction\":[{\"@type\":\"ReadAction\",\"target\":[\"https:\/\/caoduzir.com\/blog\/cuidados-com-os-caes-no-verao\/\"]}]},{\"@type\":\"ImageObject\",\"inLanguage\":\"pt-BR\",\"@id\":\"https:\/\/caoduzir.com\/blog\/cuidados-com-os-caes-no-verao\/#primaryimage\",\"url\":\"https:\/\/caoduzir.com\/blog\/wp-content\/uploads\/2018\/12\/beach-1790049_1920.jpg\",\"contentUrl\":\"https:\/\/caoduzir.com\/blog\/wp-content\/uploads\/2018\/12\/beach-1790049_1920.jpg\",\"width\":1920,\"height\":1279},{\"@type\":\"BreadcrumbList\",\"@id\":\"https:\/\/caoduzir.com\/blog\/cuidados-com-os-caes-no-verao\/#breadcrumb\",\"itemListElement\":[{\"@type\":\"ListItem\",\"position\":1,\"name\":\"In\u00edcio\",\"item\":\"https:\/\/caoduzir.com\/blog\/\"},{\"@type\":\"ListItem\",\"position\":2,\"name\":\"Comportamento\",\"item\":\"https:\/\/caoduzir.com\/blog\/category\/comportamento\/\"},{\"@type\":\"ListItem\",\"position\":3,\"name\":\"Que cuidados devemos ter com os c\u00e3es no ver\u00e3o?\"}]},{\"@type\":\"WebSite\",\"@id\":\"https:\/\/caoduzir.com\/blog\/#website\",\"url\":\"https:\/\/caoduzir.com\/blog\/\",\"name\":\"Let\u00edcia Neri\",\"description\":\"Let\u00edcia Neri Adestradora de c\u00e3es\",\"publisher\":{\"@id\":\"https:\/\/caoduzir.com\/blog\/#organization\"},\"potentialAction\":[{\"@type\":\"SearchAction\",\"target\":{\"@type\":\"EntryPoint\",\"urlTemplate\":\"https:\/\/caoduzir.com\/blog\/?s={search_term_string}\"},\"query-input\":\"required name=search_term_string\"}],\"inLanguage\":\"pt-BR\"},{\"@type\":\"Organization\",\"@id\":\"https:\/\/caoduzir.com\/blog\/#organization\",\"name\":\"Caoduzir\",\"url\":\"https:\/\/caoduzir.com\/blog\/\",\"logo\":{\"@type\":\"ImageObject\",\"inLanguage\":\"pt-BR\",\"@id\":\"https:\/\/caoduzir.com\/blog\/#\/schema\/logo\/image\/\",\"url\":\"https:\/\/caoduzir.com\/blog\/wp-content\/uploads\/2017\/09\/logo.png\",\"contentUrl\":\"https:\/\/caoduzir.com\/blog\/wp-content\/uploads\/2017\/09\/logo.png\",\"width\":103,\"height\":70,\"caption\":\"Caoduzir\"},\"image\":{\"@id\":\"https:\/\/caoduzir.com\/blog\/#\/schema\/logo\/image\/\"},\"sameAs\":[\"https:\/\/www.facebook.com\/Caoduzir\/\",\"https:\/\/www.instagram.com\/caoduzir\/\",\"https:\/\/www.youtube.com\/channel\/UCiYwm1-aWPVA9w5tYTR2Npw\"]},{\"@type\":\"Person\",\"@id\":\"https:\/\/caoduzir.com\/blog\/#\/schema\/person\/c6ed5dd9ebac51631df6160c51320e49\",\"name\":\"leticia neri\",\"image\":{\"@type\":\"ImageObject\",\"inLanguage\":\"pt-BR\",\"@id\":\"https:\/\/caoduzir.com\/blog\/#\/schema\/person\/image\/\",\"url\":\"https:\/\/secure.gravatar.com\/avatar\/3176f9806c5ca06d710e7efa36aa47d4?s=96&d=mm&r=g\",\"contentUrl\":\"https:\/\/secure.gravatar.com\/avatar\/3176f9806c5ca06d710e7efa36aa47d4?s=96&d=mm&r=g\",\"caption\":\"leticia neri\"},\"sameAs\":[\"https:\/\/caoduzir.com.br\"],\"url\":\"https:\/\/caoduzir.com\/blog\/author\/lets\/\"}]}<\/script>\n<!-- \/ Yoast SEO plugin. -->","yoast_head_json":{"title":"Que cuidados devemos ter com os c\u00e3es no ver\u00e3o? | Let\u00edcia Neri","robots":{"index":"index","follow":"follow","max-snippet":"max-snippet:-1","max-image-preview":"max-image-preview:large","max-video-preview":"max-video-preview:-1"},"canonical":"https:\/\/caoduzir.com\/blog\/cuidados-com-os-caes-no-verao\/","og_locale":"pt_BR","og_type":"article","og_title":"Que cuidados devemos ter com os c\u00e3es no ver\u00e3o? | Let\u00edcia Neri","og_description":"Que cuidados devemos ter com os c\u00e3es no ver\u00e3o? Oferecer mais \u00e1gua e evitar de passear com ele sob sol quente s\u00e3o regras b\u00e1sicas que todos j\u00e1 devem saber. Mas existem outros cuidados que s\u00e3o importantes para voc\u00ea observar com rela\u00e7\u00e3o ao seu mascote. Segue abaixo algumas dicas: C\u00e3es saud\u00e1veis bebem em media de 40 [&hellip;]","og_url":"https:\/\/caoduzir.com\/blog\/cuidados-com-os-caes-no-verao\/","og_site_name":"Let\u00edcia Neri","article_publisher":"https:\/\/www.facebook.com\/Caoduzir\/","article_published_time":"2018-12-07T21:19:53+00:00","article_modified_time":"2018-12-14T18:15:21+00:00","og_image":[{"width":1920,"height":1279,"url":"https:\/\/caoduzir.com\/blog\/wp-content\/uploads\/2018\/12\/beach-1790049_1920.jpg","type":"image\/jpeg"}],"author":"leticia neri","twitter_card":"summary_large_image","twitter_misc":{"Escrito por":"leticia neri","Est. tempo de leitura":"2 minutos"},"schema":{"@context":"https:\/\/schema.org","@graph":[{"@type":"Article","@id":"https:\/\/caoduzir.com\/blog\/cuidados-com-os-caes-no-verao\/#article","isPartOf":{"@id":"https:\/\/caoduzir.com\/blog\/cuidados-com-os-caes-no-verao\/"},"author":{"name":"leticia neri","@id":"https:\/\/caoduzir.com\/blog\/#\/schema\/person\/c6ed5dd9ebac51631df6160c51320e49"},"headline":"Que cuidados devemos ter com os c\u00e3es no ver\u00e3o?","datePublished":"2018-12-07T21:19:53+00:00","dateModified":"2018-12-14T18:15:21+00:00","mainEntityOfPage":{"@id":"https:\/\/caoduzir.com\/blog\/cuidados-com-os-caes-no-verao\/"},"wordCount":373,"commentCount":0,"publisher":{"@id":"https:\/\/caoduzir.com\/blog\/#organization"},"image":{"@id":"https:\/\/caoduzir.com\/blog\/cuidados-com-os-caes-no-verao\/#primaryimage"},"thumbnailUrl":"https:\/\/caoduzir.com\/blog\/wp-content\/uploads\/2018\/12\/beach-1790049_1920.jpg","keywords":["adestramento","animal","cachorro","caes","comportamento canino","cuidados","dicas","pets","ver\u00e3o"],"articleSection":["Comportamento","Curiosidades","Sa\u00fade e Bem Estar"],"inLanguage":"pt-BR","potentialAction":[{"@type":"CommentAction","name":"Comment","target":["https:\/\/caoduzir.com\/blog\/cuidados-com-os-caes-no-verao\/#respond"]}]},{"@type":"WebPage","@id":"https:\/\/caoduzir.com\/blog\/cuidados-com-os-caes-no-verao\/","url":"https:\/\/caoduzir.com\/blog\/cuidados-com-os-caes-no-verao\/","name":"Que cuidados devemos ter com os c\u00e3es no ver\u00e3o? | Let\u00edcia Neri","isPartOf":{"@id":"https:\/\/caoduzir.com\/blog\/#website"},"primaryImageOfPage":{"@id":"https:\/\/caoduzir.com\/blog\/cuidados-com-os-caes-no-verao\/#primaryimage"},"image":{"@id":"https:\/\/caoduzir.com\/blog\/cuidados-com-os-caes-no-verao\/#primaryimage"},"thumbnailUrl":"https:\/\/caoduzir.com\/blog\/wp-content\/uploads\/2018\/12\/beach-1790049_1920.jpg","datePublished":"2018-12-07T21:19:53+00:00","dateModified":"2018-12-14T18:15:21+00:00","breadcrumb":{"@id":"https:\/\/caoduzir.com\/blog\/cuidados-com-os-caes-no-verao\/#breadcrumb"},"inLanguage":"pt-BR","potentialAction":[{"@type":"ReadAction","target":["https:\/\/caoduzir.com\/blog\/cuidados-com-os-caes-no-verao\/"]}]},{"@type":"ImageObject","inLanguage":"pt-BR","@id":"https:\/\/caoduzir.com\/blog\/cuidados-com-os-caes-no-verao\/#primaryimage","url":"https:\/\/caoduzir.com\/blog\/wp-content\/uploads\/2018\/12\/beach-1790049_1920.jpg","contentUrl":"https:\/\/caoduzir.com\/blog\/wp-content\/uploads\/2018\/12\/beach-1790049_1920.jpg","width":1920,"height":1279},{"@type":"BreadcrumbList","@id":"https:\/\/caoduzir.com\/blog\/cuidados-com-os-caes-no-verao\/#breadcrumb","itemListElement":[{"@type":"ListItem","position":1,"name":"In\u00edcio","item":"https:\/\/caoduzir.com\/blog\/"},{"@type":"ListItem","position":2,"name":"Comportamento","item":"https:\/\/caoduzir.com\/blog\/category\/comportamento\/"},{"@type":"ListItem","position":3,"name":"Que cuidados devemos ter com os c\u00e3es no ver\u00e3o?"}]},{"@type":"WebSite","@id":"https:\/\/caoduzir.com\/blog\/#website","url":"https:\/\/caoduzir.com\/blog\/","name":"Let\u00edcia Neri","description":"Let\u00edcia Neri Adestradora de c\u00e3es","publisher":{"@id":"https:\/\/caoduzir.com\/blog\/#organization"},"potentialAction":[{"@type":"SearchAction","target":{"@type":"EntryPoint","urlTemplate":"https:\/\/caoduzir.com\/blog\/?s={search_term_string}"},"query-input":"required name=search_term_string"}],"inLanguage":"pt-BR"},{"@type":"Organization","@id":"https:\/\/caoduzir.com\/blog\/#organization","name":"Caoduzir","url":"https:\/\/caoduzir.com\/blog\/","logo":{"@type":"ImageObject","inLanguage":"pt-BR","@id":"https:\/\/caoduzir.com\/blog\/#\/schema\/logo\/image\/","url":"https:\/\/caoduzir.com\/blog\/wp-content\/uploads\/2017\/09\/logo.png","contentUrl":"https:\/\/caoduzir.com\/blog\/wp-content\/uploads\/2017\/09\/logo.png","width":103,"height":70,"caption":"Caoduzir"},"image":{"@id":"https:\/\/caoduzir.com\/blog\/#\/schema\/logo\/image\/"},"sameAs":["https:\/\/www.facebook.com\/Caoduzir\/","https:\/\/www.instagram.com\/caoduzir\/","https:\/\/www.youtube.com\/channel\/UCiYwm1-aWPVA9w5tYTR2Npw"]},{"@type":"Person","@id":"https:\/\/caoduzir.com\/blog\/#\/schema\/person\/c6ed5dd9ebac51631df6160c51320e49","name":"leticia neri","image":{"@type":"ImageObject","inLanguage":"pt-BR","@id":"https:\/\/caoduzir.com\/blog\/#\/schema\/person\/image\/","url":"https:\/\/secure.gravatar.com\/avatar\/3176f9806c5ca06d710e7efa36aa47d4?s=96&d=mm&r=g","contentUrl":"https:\/\/secure.gravatar.com\/avatar\/3176f9806c5ca06d710e7efa36aa47d4?s=96&d=mm&r=g","caption":"leticia neri"},"sameAs":["https:\/\/caoduzir.com.br"],"url":"https:\/\/caoduzir.com\/blog\/author\/lets\/"}]}},"_links":{"self":[{"href":"https:\/\/caoduzir.com\/blog\/wp-json\/wp\/v2\/posts\/212"}],"collection":[{"href":"https:\/\/caoduzir.com\/blog\/wp-json\/wp\/v2\/posts"}],"about":[{"href":"https:\/\/caoduzir.com\/blog\/wp-json\/wp\/v2\/types\/post"}],"author":[{"embeddable":true,"href":"https:\/\/caoduzir.com\/blog\/wp-json\/wp\/v2\/users\/2"}],"replies":[{"embeddable":true,"href":"https:\/\/caoduzir.com\/blog\/wp-json\/wp\/v2\/comments?post=212"}],"version-history":[{"count":7,"href":"https:\/\/caoduzir.com\/blog\/wp-json\/wp\/v2\/posts\/212\/revisions"}],"predecessor-version":[{"id":228,"href":"https:\/\/caoduzir.com\/blog\/wp-json\/wp\/v2\/posts\/212\/revisions\/228"}],"wp:featuredmedia":[{"embeddable":true,"href":"https:\/\/caoduzir.com\/blog\/wp-json\/wp\/v2\/media\/214"}],"wp:attachment":[{"href":"https:\/\/caoduzir.com\/blog\/wp-json\/wp\/v2\/media?parent=212"}],"wp:term":[{"taxonomy":"category","embeddable":true,"href":"https:\/\/caoduzir.com\/blog\/wp-json\/wp\/v2\/categories?post=212"},{"taxonomy":"post_tag","embeddable":true,"href":"https:\/\/caoduzir.com\/blog\/wp-json\/wp\/v2\/tags?post=212"},{"taxonomy":"series","embeddable":true,"href":"https:\/\/caoduzir.com\/blog\/wp-json\/wp\/v2\/series?post=212"}],"curies":[{"name":"wp","href":"https:\/\/api.w.org\/{rel}","templated":true}]}}